{"id":5159,"date":"2025-12-02T10:58:21","date_gmt":"2025-12-02T09:58:21","guid":{"rendered":"https:\/\/www.ambitomesagne.it\/ambito\/?p=5159"},"modified":"2026-02-12T17:48:25","modified_gmt":"2026-02-12T16:48:25","slug":"giornata-internazionale-delle-persone-con-disabilita-il-4-dicembre-lincontro-a-torre-santa-susanna","status":"publish","type":"post","link":"https:\/\/www.ambitomesagne.it\/ambito\/2025\/12\/02\/giornata-internazionale-delle-persone-con-disabilita-il-4-dicembre-lincontro-a-torre-santa-susanna\/","title":{"rendered":"Giornata internazionale delle persone con disabilit\u00e0: il 4 dicembre l&#8217;incontro a Torre Santa Susanna"},"content":{"rendered":"<p>In occasione della Giornata internazionale delle persone con disabilit\u00e0, si svolger\u00e0 a Torre Santa Susanna gioved\u00ec 4 dicembre 2025 l\u2019incontro tematico dal titolo \u201cLe buone prassi per valorizzare la disabilit\u00e0. Dall\u2019integrazione all\u2019inclusione attiva\u201d.<\/p>\n<p>A partire dalle ore 16:30, presso l\u2019aula consiliare in via Giotto, 3 \u2013 dopo i saluti istituzionali del Sindaco di Torre Santa Susanna, On. <strong>Michele Saccomanno, <\/strong>e del Presidente del Consorzio AtsBR4 e Assessore comunale ai Servizi Sociali, avv. <strong>Lucrezia Morleo<\/strong> \u2013 gli interventi del Garante dei diritti delle persone con disabilit\u00e0 del Comune di Torre Santa Susanna, dott. <strong>Antonio Trinchera<\/strong>, e della Garante delle persone con disabilit\u00e0 al Comune di Brindisi e Presidente della Consulta Servizi Sociali a Torre, dott.ssa <strong>Giuseppina Scarano<\/strong>. Sar\u00e0 il dott. <strong>Antonio Calabrese,<\/strong> Coordinatore tecnico della Cabina di regia provinciale degli Ambiti Territoriali Sociali a soffermarsi sul tema \u201cSpunti e riflessioni sulla normativa regionale per la disabilit\u00e0\u201d. A seguire, la dott.ssa <strong>Paola Gigliola<\/strong>, assistente sociale presso il Consorzio BR4 presenter\u00e0 esempi di progettualit\u00e0 per il Dopo di Noi attivati dal Consorzio BR4, mentre il dott. <strong>Paolo Papapietro<\/strong>, Coordinatore strategico della Cabina di regia degli ATS provinciali, argomenter\u00e0 su \u201cPercorsi di autonomia della disabilit\u00e0 PNRR negli ATS della Provincia di Brindisi\u201d. Per le associazioni, il Presidente di <strong>ITALIABILE<\/strong> <strong>Mino Lupo<\/strong> si soffermer\u00e0 sui progetti di autonomia delle persone diversamente abili nella pratica sportiva, mentre il Presidente <strong>Alessandro Cazzato<\/strong>, per \u201cIl bene che ti voglio\u201d, punter\u00e0 l\u2019attenzione sui modelli per favorire l\u2019inclusione delle persone con disturbo dello spettro autistico. Moderer\u00e0 l\u2019incontro l\u2019avv. <strong>Alessandro Nocco<\/strong>, referente e coordinatore per la Puglia della <strong>Cooperativa Socioculturale<\/strong>. L\u2019iniziativa, aperta alla partecipazione degli interessati, \u00e8 organizzata dal Comune di Torre Santa Susanna in collaborazione con il Consorzio ATS BR4.<\/p>\n<p>In allegato la locandina dell&#8217;evento.<\/p>\n","protected":false},"excerpt":{"rendered":"<p>In occasione della Giornata internazionale delle persone con disabilit\u00e0, si svolger\u00e0 a Torre Santa Susanna gioved\u00ec 4 dicembre 2025 l\u2019incontro tematico dal titolo \u201cLe buone &#8230; <\/p>\n","protected":false},"author":1,"featured_media":5163,"comment_status":"closed","ping_status":"open","sticky":false,"template":"","format":"standard","meta":[],"categories":[14],"tags":[],"_links":{"self":[{"href":"https:\/\/www.ambitomesagne.it\/ambito\/wp-json\/wp\/v2\/posts\/5159"}],"collection":[{"href":"https:\/\/www.ambitomesagne.it\/ambito\/wp-json\/wp\/v2\/posts"}],"about":[{"href":"https:\/\/www.ambitomesagne.it\/ambito\/wp-json\/wp\/v2\/types\/post"}],"author":[{"embeddable":true,"href":"https:\/\/www.ambitomesagne.it\/ambito\/wp-json\/wp\/v2\/users\/1"}],"replies":[{"embeddable":true,"href":"https:\/\/www.ambitomesagne.it\/ambito\/wp-json\/wp\/v2\/comments?post=5159"}],"version-history":[{"count":1,"href":"https:\/\/www.ambitomesagne.it\/ambito\/wp-json\/wp\/v2\/posts\/5159\/revisions"}],"predecessor-version":[{"id":5161,"href":"https:\/\/www.ambitomesagne.it\/ambito\/wp-json\/wp\/v2\/posts\/5159\/revisions\/5161"}],"wp:featuredmedia":[{"embeddable":true,"href":"https:\/\/www.ambitomesagne.it\/ambito\/wp-json\/wp\/v2\/media\/5163"}],"wp:attachment":[{"href":"https:\/\/www.ambitomesagne.it\/ambito\/wp-json\/wp\/v2\/media?parent=5159"}],"wp:term":[{"taxonomy":"category","embeddable":true,"href":"https:\/\/www.ambitomesagne.it\/ambito\/wp-json\/wp\/v2\/categories?post=5159"},{"taxonomy":"post_tag","embeddable":true,"href":"https:\/\/www.ambitomesagne.it\/ambito\/wp-json\/wp\/v2\/tags?post=5159"}],"curies":[{"name":"wp","href":"https:\/\/api.w.org\/{rel}","templated":true}]}}