{"id":4498,"date":"2025-02-16T16:22:57","date_gmt":"2025-02-16T15:22:57","guid":{"rendered":"https:\/\/www.ambitomesagne.it\/ambito\/?p=4498"},"modified":"2025-03-05T12:38:40","modified_gmt":"2025-03-05T11:38:40","slug":"progetto-facta-turismo-e-neurodiversita-al-castello-comunale-di-mesagne-il-convegno-conclusivo","status":"publish","type":"post","link":"https:\/\/www.ambitomesagne.it\/ambito\/2025\/02\/16\/progetto-facta-turismo-e-neurodiversita-al-castello-comunale-di-mesagne-il-convegno-conclusivo\/","title":{"rendered":"Progetto FACTA, turismo e neurodiversit\u00e0: al Castello comunale di Mesagne il convegno conclusivo"},"content":{"rendered":"<p>Si svolger\u00e0 <strong>gioved\u00ec 27 febbraio 2025, dalle ore 17.30 nell\u2019Auditorium del Castello comunale di Mesagne<\/strong>, l\u2019evento finale di presentazione dei risultati del progetto \u201cFACTA, un percorso laboratoriale che ha portata alla realizzazione del primo sito web turistico &#8220;autism friendly\u201d.<\/p>\n<p>Al centro del programma di attivit\u00e0, la valorizzazione della \u201cdestinazione Mesagne\u201d, prestando speciale attenzione all\u2019accessibilit\u00e0 e all\u2019inclusivit\u00e0.<\/p>\n<p>All\u2019incontro interverranno esperti del settore e rappresentanti delle istituzioni. Nel corso dell\u2019iniziativa, verr\u00e0 proiettato in anteprima il video-documentario realizzato in occasione dell\u2019esperienza, un racconto autentico e coinvolgente che racconta un percorso di inclusione e consapevolezza.<\/p>\n<p>La partecipazione all&#8217;evento \u00e8 gratuita; agli iscritti all&#8217;Ordine Assistenti Sociali Puglia che ne faranno richiesta, verranno assegnati 3 crediti formativi e il rilascio di un attestato di partecipazione.&nbsp; Per l&#8217;iscrizione inviare un&#8217;email a: apuliatf@gmail.com<\/p>\n<p>Il progetto FACTA \u00e8 ideato e realizzato da: \u201cApulia Tourism &amp; Food\u201d in partenariato con le Associazione \u201cFiorediloto Odv\u201d e \u201cAzioni Solidali ODV\u201d e con la collaborazione di \u201cIl segno Mediterraneo onlus\u201d, \u201cColoriamo il Mondo\u201d, \u201cAngsa Brindisi\u201d, con il patrocinio del Comune di Mesagne e il Consorzio ATS BR4.<\/p>\n<p>Iniziativa realizzata con il \u201cFondo per il finanziamento di progetti e attivit\u00e0 di interesse generale nel Terzo Settore\u201d (artt. 72 e 73 d. lgs. n. 117\/2017) &#8211; Avviso Puglia Capitale Sociale 3.0, approvato dalla Regione Puglia con A.D. n. 5 del 19 ottobre 2021 e pubblicato sul Bollettino Ufficiale della Regione Puglia n. 132 del 21.10.2021 \u2013 CUP B85I23000710009.<\/p>\n<p>In allegato la locandina dell&#8217;evento.<\/p>\n","protected":false},"excerpt":{"rendered":"<p>Si svolger\u00e0 gioved\u00ec 27 febbraio 2025, dalle ore 17.30 nell\u2019Auditorium del Castello comunale di Mesagne, l\u2019evento finale di presentazione dei risultati del progetto \u201cFACTA, un &#8230; <\/p>\n","protected":false},"author":1,"featured_media":4499,"comment_status":"closed","ping_status":"open","sticky":false,"template":"","format":"standard","meta":[],"categories":[14],"tags":[],"_links":{"self":[{"href":"https:\/\/www.ambitomesagne.it\/ambito\/wp-json\/wp\/v2\/posts\/4498"}],"collection":[{"href":"https:\/\/www.ambitomesagne.it\/ambito\/wp-json\/wp\/v2\/posts"}],"about":[{"href":"https:\/\/www.ambitomesagne.it\/ambito\/wp-json\/wp\/v2\/types\/post"}],"author":[{"embeddable":true,"href":"https:\/\/www.ambitomesagne.it\/ambito\/wp-json\/wp\/v2\/users\/1"}],"replies":[{"embeddable":true,"href":"https:\/\/www.ambitomesagne.it\/ambito\/wp-json\/wp\/v2\/comments?post=4498"}],"version-history":[{"count":2,"href":"https:\/\/www.ambitomesagne.it\/ambito\/wp-json\/wp\/v2\/posts\/4498\/revisions"}],"predecessor-version":[{"id":4502,"href":"https:\/\/www.ambitomesagne.it\/ambito\/wp-json\/wp\/v2\/posts\/4498\/revisions\/4502"}],"wp:featuredmedia":[{"embeddable":true,"href":"https:\/\/www.ambitomesagne.it\/ambito\/wp-json\/wp\/v2\/media\/4499"}],"wp:attachment":[{"href":"https:\/\/www.ambitomesagne.it\/ambito\/wp-json\/wp\/v2\/media?parent=4498"}],"wp:term":[{"taxonomy":"category","embeddable":true,"href":"https:\/\/www.ambitomesagne.it\/ambito\/wp-json\/wp\/v2\/categories?post=4498"},{"taxonomy":"post_tag","embeddable":true,"href":"https:\/\/www.ambitomesagne.it\/ambito\/wp-json\/wp\/v2\/tags?post=4498"}],"curies":[{"name":"wp","href":"https:\/\/api.w.org\/{rel}","templated":true}]}}