{"id":4439,"date":"2024-12-02T23:18:54","date_gmt":"2024-12-02T22:18:54","guid":{"rendered":"https:\/\/www.ambitomesagne.it\/ambito\/?p=4439"},"modified":"2024-12-04T12:18:42","modified_gmt":"2024-12-04T11:18:42","slug":"3-dicembre-giornata-internazionale-delle-persone-con-disabilita-2","status":"publish","type":"post","link":"https:\/\/www.ambitomesagne.it\/ambito\/2024\/12\/02\/3-dicembre-giornata-internazionale-delle-persone-con-disabilita-2\/","title":{"rendered":"3 dicembre, Giornata internazionale delle persone con disabilit\u00e0"},"content":{"rendered":"<p style=\"text-align: left;\">Il 3 dicembre \u00e8 la Giornata internazionale delle persone con disabilit\u00e0, in occasione della ricorrenza il Comune di San Pancrazio Salentino organizza un momento di riflessione che si terr\u00e0&nbsp; in piazza Unit\u00e0 d\u2019Italia a partire dalle ore 10: per accrescere la consapevolezza sulle diverse forme di disabilit\u00e0, la comprensione delle difficolt\u00e0 collegate, l\u2019impegno a garantire dignit\u00e0, inclusione e benessere delle persone con disabilit\u00e0. Partecipano i ragazzi delle scuole cittadine; con il patrocinio, tra gli altri, del Consorzio ATS BR4 e l\u2019intervento del presidente Antonio Calabrese.<\/p>\n","protected":false},"excerpt":{"rendered":"<p>Il 3 dicembre \u00e8 la Giornata internazionale delle persone con disabilit\u00e0, in occasione della ricorrenza il Comune di San Pancrazio Salentino organizza un momento di &#8230; <\/p>\n","protected":false},"author":1,"featured_media":4440,"comment_status":"closed","ping_status":"open","sticky":false,"template":"","format":"standard","meta":[],"categories":[13],"tags":[],"_links":{"self":[{"href":"https:\/\/www.ambitomesagne.it\/ambito\/wp-json\/wp\/v2\/posts\/4439"}],"collection":[{"href":"https:\/\/www.ambitomesagne.it\/ambito\/wp-json\/wp\/v2\/posts"}],"about":[{"href":"https:\/\/www.ambitomesagne.it\/ambito\/wp-json\/wp\/v2\/types\/post"}],"author":[{"embeddable":true,"href":"https:\/\/www.ambitomesagne.it\/ambito\/wp-json\/wp\/v2\/users\/1"}],"replies":[{"embeddable":true,"href":"https:\/\/www.ambitomesagne.it\/ambito\/wp-json\/wp\/v2\/comments?post=4439"}],"version-history":[{"count":2,"href":"https:\/\/www.ambitomesagne.it\/ambito\/wp-json\/wp\/v2\/posts\/4439\/revisions"}],"predecessor-version":[{"id":4443,"href":"https:\/\/www.ambitomesagne.it\/ambito\/wp-json\/wp\/v2\/posts\/4439\/revisions\/4443"}],"wp:featuredmedia":[{"embeddable":true,"href":"https:\/\/www.ambitomesagne.it\/ambito\/wp-json\/wp\/v2\/media\/4440"}],"wp:attachment":[{"href":"https:\/\/www.ambitomesagne.it\/ambito\/wp-json\/wp\/v2\/media?parent=4439"}],"wp:term":[{"taxonomy":"category","embeddable":true,"href":"https:\/\/www.ambitomesagne.it\/ambito\/wp-json\/wp\/v2\/categories?post=4439"},{"taxonomy":"post_tag","embeddable":true,"href":"https:\/\/www.ambitomesagne.it\/ambito\/wp-json\/wp\/v2\/tags?post=4439"}],"curies":[{"name":"wp","href":"https:\/\/api.w.org\/{rel}","templated":true}]}}