{"id":3965,"date":"2024-04-23T16:53:53","date_gmt":"2024-04-23T14:53:53","guid":{"rendered":"https:\/\/www.ambitomesagne.it\/ambito\/?p=3965"},"modified":"2024-07-02T11:54:10","modified_gmt":"2024-07-02T09:54:10","slug":"la-ricerca-sui-pedali-adotta-un-respiro-iniziativa-di-sensibilizzazione-sulla-fibrosi-cistica","status":"publish","type":"post","link":"https:\/\/www.ambitomesagne.it\/ambito\/2024\/04\/23\/la-ricerca-sui-pedali-adotta-un-respiro-iniziativa-di-sensibilizzazione-sulla-fibrosi-cistica\/","title":{"rendered":"&#8220;La ricerca sui pedali &#8211; adotta un respiro&#8221;, iniziativa di sensibilizzazione sulla fibrosi cistica"},"content":{"rendered":"<p>La ricerca sui pedali, evento di sensibilizzazione sulla fibrosi cistica: l\u2019iniziativa, giunta alla quarta edizione, \u00e8 nata da un\u2019idea di Oronzo De Tommaso, delegato della Fondazione per la Ricerca sulla Fibrosi Cistica di Brindisi Torre e padre di una ragazza con la fibrosi cistica. L\u2019iniziativa di beneficenza \u00e8 patrocinata da: Provincia di Brindisi, Comuni di Torre Santa Susanna, Latiano, Palo del Colle, Consorzio ATS BR4, Consulta dei Servizi Sociali di Torre Santa Susanna, con media partner <strong>Idearadionelmondo<\/strong>, <strong>La Gazzetta del Mezzogiorno<\/strong>, <strong>Radio Ciccio Riccio<\/strong>. Dal 25 al 29 aprile, la pedalata solidale attraverser\u00e0 il territorio pugliese, con l\u2019obiettivo di mantenere alta l\u2019attenzione sulla malattia, con un percorso a tappe che collegher\u00e0 Torre Santa Susanna ad Alberobello. Insieme a Oronzo De Tommaso sulle due ruote ci saranno anche <strong>Rosario Grasso,<\/strong> volontario FFC Ricerca in Sicilia, <strong>Virginia Fiori<\/strong>, delegata FFC Ricerca a Firenze, entrambi ciclisti amatoriali affetti da fibrosi cistica, e <strong>Roberto Cau<\/strong>, delegato FFC Ricerca a Siniscola in Sardegna. Con loro pedaler\u00e0 per la prima volta anche un testimonial d\u2019eccezione, <strong>Carlo Calcagni<\/strong>, colonnello del Ruolo d\u2019onore dell\u2019Esercito Italiano e atleta paralimpico.<\/p>\n<p>La pedalata partir\u00e0 gioved\u00ec 25 aprile da Torre Santa Susanna, il taglio del nastro \u00e8 programmato alle ore 8:00 in piazza Umberto I. Interverranno per i saluti istituzionali: on. <strong>Antonio Matarrelli<\/strong>, presidente della Provincia di Brindisi; on.<strong> Michele Saccomanno,<\/strong> Sindaco di Torre Santa Susanna; dott. <strong>Antonio Calabrese<\/strong>, Presidente del Consorzio ATS BR4.&nbsp; Adulti e bambini saranno accolti in piazza dalla scuola di Clown Terapia e dal dott. Spirit. &nbsp;La pedalata proseguir\u00e0 verso Latiano, Mesagne, Brindisi e Grottaglie.<\/p>\n<p>\u00c8 possibile finanziare la ricerca accedendo alla pagina \u201cRete del Dono\u201d. <strong>Coordinate di donazione tramite bonifico bancario<\/strong> &#8211; Beneficiario: Fondazione Ricerca Fibrosi Cistica<br \/>\nCodice IBAN: IT 47 A 02008 11718 000102065518<br \/>\nIstituto bancario: UniCredit Banca &#8211; Agenzia di Borgo Trento (VR)<br \/>\nCausale: \u201cLa ricerca sui pedali\u201d. Contatti e info a: <a href=\"mailto:laricercasuipedali@gmail.com\">laricercasuipedali@gmail.com<\/a>; Oronzo De Tommaso 3272056243; Rosario Grasso 3471358608; Virginia Fiori 3336485308. Le donazioni effettuate alla Fondazione godono dei benefici fiscali previsti dalla normativa vigente.<\/p>\n","protected":false},"excerpt":{"rendered":"<p>La ricerca sui pedali, evento di sensibilizzazione sulla fibrosi cistica: l\u2019iniziativa, giunta alla quarta edizione, \u00e8 nata da un\u2019idea di Oronzo De Tommaso, delegato della &#8230; <\/p>\n","protected":false},"author":1,"featured_media":3966,"comment_status":"closed","ping_status":"open","sticky":false,"template":"","format":"standard","meta":[],"categories":[13],"tags":[],"_links":{"self":[{"href":"https:\/\/www.ambitomesagne.it\/ambito\/wp-json\/wp\/v2\/posts\/3965"}],"collection":[{"href":"https:\/\/www.ambitomesagne.it\/ambito\/wp-json\/wp\/v2\/posts"}],"about":[{"href":"https:\/\/www.ambitomesagne.it\/ambito\/wp-json\/wp\/v2\/types\/post"}],"author":[{"embeddable":true,"href":"https:\/\/www.ambitomesagne.it\/ambito\/wp-json\/wp\/v2\/users\/1"}],"replies":[{"embeddable":true,"href":"https:\/\/www.ambitomesagne.it\/ambito\/wp-json\/wp\/v2\/comments?post=3965"}],"version-history":[{"count":6,"href":"https:\/\/www.ambitomesagne.it\/ambito\/wp-json\/wp\/v2\/posts\/3965\/revisions"}],"predecessor-version":[{"id":4121,"href":"https:\/\/www.ambitomesagne.it\/ambito\/wp-json\/wp\/v2\/posts\/3965\/revisions\/4121"}],"wp:featuredmedia":[{"embeddable":true,"href":"https:\/\/www.ambitomesagne.it\/ambito\/wp-json\/wp\/v2\/media\/3966"}],"wp:attachment":[{"href":"https:\/\/www.ambitomesagne.it\/ambito\/wp-json\/wp\/v2\/media?parent=3965"}],"wp:term":[{"taxonomy":"category","embeddable":true,"href":"https:\/\/www.ambitomesagne.it\/ambito\/wp-json\/wp\/v2\/categories?post=3965"},{"taxonomy":"post_tag","embeddable":true,"href":"https:\/\/www.ambitomesagne.it\/ambito\/wp-json\/wp\/v2\/tags?post=3965"}],"curies":[{"name":"wp","href":"https:\/\/api.w.org\/{rel}","templated":true}]}}