{"id":3866,"date":"2024-03-22T19:11:08","date_gmt":"2024-03-22T18:11:08","guid":{"rendered":"https:\/\/www.ambitomesagne.it\/ambito\/?p=3866"},"modified":"2024-04-10T11:39:08","modified_gmt":"2024-04-10T09:39:08","slug":"inaugurazione-cav-a-mesagne-due-centri-per-le-donne-vittime-di-violenza","status":"publish","type":"post","link":"https:\/\/www.ambitomesagne.it\/ambito\/2024\/03\/22\/inaugurazione-cav-a-mesagne-due-centri-per-le-donne-vittime-di-violenza\/","title":{"rendered":"Mesagne, luned\u00ec 25 marzo la consegna alla citt\u00e0 di due strutture destinate a CAV"},"content":{"rendered":"<p>Centri antiviolenza progetto \u201cPorte Aperte\u201d: nell\u2019ambito del PON Legalit\u00e0 2014 \u2013 2020, si terr\u00e0&nbsp; <strong>luned\u00ec 25 marzo a Mesagne<\/strong> la consegna alla citt\u00e0 di due strutture &#8211; si tratta di immobili confiscati alla criminalit\u00e0 organizzata e restituiti alla collettivit\u00e0 con fini sociali &#8211;&nbsp; che verranno destinate a centri per l\u2019ascolto e il sostegno di donne vittime di violenza.<\/p>\n<p>Il programma:<\/p>\n<ul>\n<li>ore 17:30 inaugurazione della struttura in via Corte Panaro, 30;<\/li>\n<li>ore 18:00 inaugurazione della struttura n via Manfredi Svevo, 7;<\/li>\n<li>ore 18:30 presentazione del progetto alla cittadinanza presso Auditorium \u201c Elio Bardaro\u201d del Castello Comunale.<\/li>\n<\/ul>\n<p>Interverranno:<\/p>\n<ul>\n<li>On. <strong>Antonio Matarrell<\/strong>i, sindaco della citt\u00e0 di Mesagne;<\/li>\n<li>Dott.ssa <strong>Michela Savina La Iacona<\/strong>, Prefetto di Brindisi;<\/li>\n<li>Dott. <strong>Antonio Calabrese<\/strong>, presidente del Consorzio ATS BR4;<\/li>\n<li>Dott.ssa <strong>Anna Maria Scalera<\/strong>, assessore comunale alle Politiche Sociali;<\/li>\n<li>Dott.ssa <strong>Stefania Palana<\/strong>, responsabile Servizi Sociali del Comune di Mesagne.<\/li>\n<\/ul>\n","protected":false},"excerpt":{"rendered":"<p>Centri antiviolenza progetto \u201cPorte Aperte\u201d: nell\u2019ambito del PON Legalit\u00e0 2014 \u2013 2020, si terr\u00e0&nbsp; luned\u00ec 25 marzo a Mesagne la consegna alla citt\u00e0 di due &#8230; <\/p>\n","protected":false},"author":1,"featured_media":3872,"comment_status":"closed","ping_status":"open","sticky":false,"template":"","format":"standard","meta":[],"categories":[13],"tags":[],"_links":{"self":[{"href":"https:\/\/www.ambitomesagne.it\/ambito\/wp-json\/wp\/v2\/posts\/3866"}],"collection":[{"href":"https:\/\/www.ambitomesagne.it\/ambito\/wp-json\/wp\/v2\/posts"}],"about":[{"href":"https:\/\/www.ambitomesagne.it\/ambito\/wp-json\/wp\/v2\/types\/post"}],"author":[{"embeddable":true,"href":"https:\/\/www.ambitomesagne.it\/ambito\/wp-json\/wp\/v2\/users\/1"}],"replies":[{"embeddable":true,"href":"https:\/\/www.ambitomesagne.it\/ambito\/wp-json\/wp\/v2\/comments?post=3866"}],"version-history":[{"count":12,"href":"https:\/\/www.ambitomesagne.it\/ambito\/wp-json\/wp\/v2\/posts\/3866\/revisions"}],"predecessor-version":[{"id":3944,"href":"https:\/\/www.ambitomesagne.it\/ambito\/wp-json\/wp\/v2\/posts\/3866\/revisions\/3944"}],"wp:featuredmedia":[{"embeddable":true,"href":"https:\/\/www.ambitomesagne.it\/ambito\/wp-json\/wp\/v2\/media\/3872"}],"wp:attachment":[{"href":"https:\/\/www.ambitomesagne.it\/ambito\/wp-json\/wp\/v2\/media?parent=3866"}],"wp:term":[{"taxonomy":"category","embeddable":true,"href":"https:\/\/www.ambitomesagne.it\/ambito\/wp-json\/wp\/v2\/categories?post=3866"},{"taxonomy":"post_tag","embeddable":true,"href":"https:\/\/www.ambitomesagne.it\/ambito\/wp-json\/wp\/v2\/tags?post=3866"}],"curies":[{"name":"wp","href":"https:\/\/api.w.org\/{rel}","templated":true}]}}