{"id":3815,"date":"2024-02-21T12:25:49","date_gmt":"2024-02-21T11:25:49","guid":{"rendered":"https:\/\/www.ambitomesagne.it\/ambito\/?p=3815"},"modified":"2024-03-18T18:22:30","modified_gmt":"2024-03-18T17:22:30","slug":"accreditamento-catalogo-offerta-servizi-educativi-minori-0-3-anni-procedure-aperte","status":"publish","type":"post","link":"https:\/\/www.ambitomesagne.it\/ambito\/2024\/02\/21\/accreditamento-catalogo-offerta-servizi-educativi-minori-0-3-anni-procedure-aperte\/","title":{"rendered":"Accreditamento catalogo offerta servizi educativi minori 0-3 anni, aperte le procedure"},"content":{"rendered":"<p><strong>A partire dalle ore 12.00 del 26 febbraio 2024 sar\u00e0 possibile effettuare le procedure di conferma e di accreditamento tramite la piattaforma telematica \u201cStudio in Puglia\u201d al link <a href=\"https:\/\/www.studioinpuglia.regione.puglia.it\/zerosei\/\" target=\"_blank\" rel=\"noopener\">https:\/\/www.studioinpuglia.regione.puglia.it\/zerosei\/<\/a><\/strong><\/p>\n<p>Catalogo telematico per minori zerosei a.e. 2024\/2025, prende avvio il percorso amministrativo per garantire alle famiglie l\u2019accesso a servizi educativi per minori da zero a tre anni che consente ad asili nido, centri ludici per l\u2019infanzia e servizi innovativi per la prima infanzia &#8211; disciplinati dal Regolamento regionale n. 4\/2007 s.m.i. &#8211; sia di confermare il proprio accreditamento, laddove gi\u00e0 in essere, sia di presentare istanza di nuovo accreditamento per incrementare e garantire la pi\u00f9 ampia offerta educativa finanziata con Buoni educativi.<\/p>\n<p>La procedura \u00e8 propedeutica all\u2019approvazione dell\u2019Avviso rivolto ai nuclei familiari per la presentazione delle domande di Buono educativo zerotre. La novit\u00e0 introdotta dalla procedura \u00e8 la previsione, sin da subito, di due finestre temporali di accreditamento per le unit\u00e0 di offerta e di due finestre temporali di presentazione delle domande di Buono educativo per le famiglie. L\u2019esperienza maturata nelle precedenti annualit\u00e0, infatti, \u00e8 posta alla base di una programmazione puntuale dei procedimenti amministrativi per consentire alle unit\u00e0 di offerta e alle famiglie interessate di operare le proprie scelte in modo consapevole e verr\u00e0 attuata seguendo il seguente cronoprogramma:<\/p>\n<ul>\n<li>febbraio &#8211; marzo sono i mesi dedicati alla prima finestra di accreditamento per le unit\u00e0 di offerta;<\/li>\n<li>maggio \u00e8 il mese dedicato alla prima finestra per la presentazione delle domande da parte delle famiglie, giugno il mese dedicato ad una seconda finestra di accreditamento per le unit\u00e0 di offerta che non siano riuscite ad accreditarsi entro marzo;<\/li>\n<li>agosto &#8211; settembre \u00e8 il periodo dedicato all\u2019apertura di una seconda finestra di domanda per le famiglie che consentir\u00e0 di opzionare i posti ancora disponibili a Catalogo a valle della prima finestra temporale dell\u2019Avviso rivolto alle famiglie della seconda finestra di accreditamento.<\/li>\n<\/ul>\n","protected":false},"excerpt":{"rendered":"<p>A partire dalle ore 12.00 del 26 febbraio 2024 sar\u00e0 possibile effettuare le procedure di conferma e di accreditamento tramite la piattaforma telematica \u201cStudio in &#8230; <\/p>\n","protected":false},"author":1,"featured_media":3817,"comment_status":"closed","ping_status":"open","sticky":false,"template":"","format":"standard","meta":[],"categories":[13],"tags":[],"_links":{"self":[{"href":"https:\/\/www.ambitomesagne.it\/ambito\/wp-json\/wp\/v2\/posts\/3815"}],"collection":[{"href":"https:\/\/www.ambitomesagne.it\/ambito\/wp-json\/wp\/v2\/posts"}],"about":[{"href":"https:\/\/www.ambitomesagne.it\/ambito\/wp-json\/wp\/v2\/types\/post"}],"author":[{"embeddable":true,"href":"https:\/\/www.ambitomesagne.it\/ambito\/wp-json\/wp\/v2\/users\/1"}],"replies":[{"embeddable":true,"href":"https:\/\/www.ambitomesagne.it\/ambito\/wp-json\/wp\/v2\/comments?post=3815"}],"version-history":[{"count":5,"href":"https:\/\/www.ambitomesagne.it\/ambito\/wp-json\/wp\/v2\/posts\/3815\/revisions"}],"predecessor-version":[{"id":3823,"href":"https:\/\/www.ambitomesagne.it\/ambito\/wp-json\/wp\/v2\/posts\/3815\/revisions\/3823"}],"wp:featuredmedia":[{"embeddable":true,"href":"https:\/\/www.ambitomesagne.it\/ambito\/wp-json\/wp\/v2\/media\/3817"}],"wp:attachment":[{"href":"https:\/\/www.ambitomesagne.it\/ambito\/wp-json\/wp\/v2\/media?parent=3815"}],"wp:term":[{"taxonomy":"category","embeddable":true,"href":"https:\/\/www.ambitomesagne.it\/ambito\/wp-json\/wp\/v2\/categories?post=3815"},{"taxonomy":"post_tag","embeddable":true,"href":"https:\/\/www.ambitomesagne.it\/ambito\/wp-json\/wp\/v2\/tags?post=3815"}],"curies":[{"name":"wp","href":"https:\/\/api.w.org\/{rel}","templated":true}]}}