{"id":3801,"date":"2024-02-19T18:49:45","date_gmt":"2024-02-19T17:49:45","guid":{"rendered":"https:\/\/www.ambitomesagne.it\/ambito\/?p=3801"},"modified":"2024-02-28T12:29:54","modified_gmt":"2024-02-28T11:29:54","slug":"autismo-tra-ricerca-e-servizi-territoriali-giovedi-22-e-venerdi-23-febbraio-il-convegno-a-taranto","status":"publish","type":"post","link":"https:\/\/www.ambitomesagne.it\/ambito\/2024\/02\/19\/autismo-tra-ricerca-e-servizi-territoriali-giovedi-22-e-venerdi-23-febbraio-il-convegno-a-taranto\/","title":{"rendered":"Autismo tra ricerca e servizi territoriali: gioved\u00ec 22 e venerd\u00ec 23 febbraio 2024 il convegno a Taranto"},"content":{"rendered":"<p>Se ne discuter\u00e0 presso il dipartimento Jonico Uniba a Taranto, nell\u2019Aula Magna in via Duomo, 259, dove si terr\u00e0 una importante occasione di confronto e condivisione di buone pratiche, attraverso un momento di approfondimento e dialogo su un tema di rilevanza sociale e sanitaria: l\u2019iniziativa coinvolger\u00e0 esperti, operatori sanitari e membri della comunit\u00e0 impegnati per il miglioramento della qualit\u00e0 della vita delle persone autistiche e delle loro famiglie. Alla Tavolo Rotonda \u201cL\u2019attuale normativa regionale in Puglia, dal sostegno economico all\u2019integrazione socio \u2013 sanitaria\u201d, sessione aperta dalle ore 17:45 di gioved\u00ec 22 febbraio, interverr\u00e0 il presidente del Consorzio ATS BR4, dott. <strong>Antonio Calabrese<\/strong>, in veste di referente per l\u2019autismo della Terza Commissione regionale. In allegato la locandina con il programma completo delle due giornate.<\/p>\n","protected":false},"excerpt":{"rendered":"<p>Se ne discuter\u00e0 presso il dipartimento Jonico Uniba a Taranto, nell\u2019Aula Magna in via Duomo, 259, dove si terr\u00e0 una importante occasione di confronto e &#8230; <\/p>\n","protected":false},"author":1,"featured_media":3804,"comment_status":"closed","ping_status":"open","sticky":false,"template":"","format":"standard","meta":[],"categories":[13],"tags":[],"_links":{"self":[{"href":"https:\/\/www.ambitomesagne.it\/ambito\/wp-json\/wp\/v2\/posts\/3801"}],"collection":[{"href":"https:\/\/www.ambitomesagne.it\/ambito\/wp-json\/wp\/v2\/posts"}],"about":[{"href":"https:\/\/www.ambitomesagne.it\/ambito\/wp-json\/wp\/v2\/types\/post"}],"author":[{"embeddable":true,"href":"https:\/\/www.ambitomesagne.it\/ambito\/wp-json\/wp\/v2\/users\/1"}],"replies":[{"embeddable":true,"href":"https:\/\/www.ambitomesagne.it\/ambito\/wp-json\/wp\/v2\/comments?post=3801"}],"version-history":[{"count":3,"href":"https:\/\/www.ambitomesagne.it\/ambito\/wp-json\/wp\/v2\/posts\/3801\/revisions"}],"predecessor-version":[{"id":3807,"href":"https:\/\/www.ambitomesagne.it\/ambito\/wp-json\/wp\/v2\/posts\/3801\/revisions\/3807"}],"wp:featuredmedia":[{"embeddable":true,"href":"https:\/\/www.ambitomesagne.it\/ambito\/wp-json\/wp\/v2\/media\/3804"}],"wp:attachment":[{"href":"https:\/\/www.ambitomesagne.it\/ambito\/wp-json\/wp\/v2\/media?parent=3801"}],"wp:term":[{"taxonomy":"category","embeddable":true,"href":"https:\/\/www.ambitomesagne.it\/ambito\/wp-json\/wp\/v2\/categories?post=3801"},{"taxonomy":"post_tag","embeddable":true,"href":"https:\/\/www.ambitomesagne.it\/ambito\/wp-json\/wp\/v2\/tags?post=3801"}],"curies":[{"name":"wp","href":"https:\/\/api.w.org\/{rel}","templated":true}]}}