{"id":3347,"date":"2023-09-07T17:29:09","date_gmt":"2023-09-07T15:29:09","guid":{"rendered":"https:\/\/www.ambitomesagne.it\/ambito\/?p=3347"},"modified":"2023-09-21T11:10:50","modified_gmt":"2023-09-21T09:10:50","slug":"al-via-la-prima-edizione-del-festival-del-sociale-a-mesagne-dal-12-al-16-settembre-2023","status":"publish","type":"post","link":"https:\/\/www.ambitomesagne.it\/ambito\/2023\/09\/07\/al-via-la-prima-edizione-del-festival-del-sociale-a-mesagne-dal-12-al-16-settembre-2023\/","title":{"rendered":"Al via la prima edizione del Festival del Sociale, a Mesagne dal 12 al 16 settembre 2023"},"content":{"rendered":"<p>\u00abOffrire in una rassegna un esempio di quanto di meglio si possa e si debba garantire ai cittadini pi\u00f9 fragili, partendo dal presupposto che ci\u00f2 che \u00e8 meglio per loro \u00e8 il meglio per tutta la Comunit\u00e0\u00bb, si legge nella nota introduttiva di presentazione della prima edizione del Festival del Sociale a firma del presidente del Consorzio ATS BR4, <strong>Antonio Calabrese<\/strong>; del presidente del Consorzio ATS BR3, <strong>Giovanni Barletta<\/strong>, e del sindaco della citt\u00e0 di Mesagne, <strong>Antonio Matarrelli<\/strong>. All\u2019incontro con la stampa per annunciare i 4 appuntamenti, che si \u00e8 svolto nella mattinata di <strong>gioved\u00ec 7 settembre<\/strong> presso il Comune di Mesagne, i tre rappresentanti istituzionali, che sono intervenuti insieme ai direttori del Consorzio BR3 e BR4, <strong>Gianluca Budano <\/strong>e <strong>Pierpaolo Budano<\/strong>, e all\u2019assessore alle Politiche Sociali della citt\u00e0 di Mesagne, <strong>Anna Maria Scalera<\/strong>. La rassegna si svolger\u00e0 a Mesagne dal 12 al 16 settembre, quattro giorni, cinque appuntamenti con l\u2019approfondimento, l\u2019informazione e importanti occasioni di crescita vissute grazie alle arti e alla musica e alla cultura, che si far\u00e0 strumento efficace per contribuire ad abbattere i muri costruiti con i mattoni della scarsa conoscenza, del pregiudizio e dell\u2019indifferenza. Il Festival del Sociale \u00e8 organizzato dal Consorzio ATS Br 4 in collaborazione con l&#8217;ATS di Francavilla Fontana e il Comune di Mesagne nell&#8217;ambito del cartellone \u201cMesagnEstate 2023\u201d. Le iniziative godono del patrocinio del Consiglio regionale della Puglia, della provincia di Brindisi e del Coordinamento degli ATS di Brindisi. In allegato la brochure completa degli appuntamenti e la locandina della prima serata.<\/p>\n","protected":false},"excerpt":{"rendered":"<p>\u00abOffrire in una rassegna un esempio di quanto di meglio si possa e si debba garantire ai cittadini pi\u00f9 fragili, partendo dal presupposto che ci\u00f2 &#8230; <\/p>\n","protected":false},"author":1,"featured_media":3358,"comment_status":"closed","ping_status":"open","sticky":false,"template":"","format":"standard","meta":[],"categories":[13],"tags":[],"_links":{"self":[{"href":"https:\/\/www.ambitomesagne.it\/ambito\/wp-json\/wp\/v2\/posts\/3347"}],"collection":[{"href":"https:\/\/www.ambitomesagne.it\/ambito\/wp-json\/wp\/v2\/posts"}],"about":[{"href":"https:\/\/www.ambitomesagne.it\/ambito\/wp-json\/wp\/v2\/types\/post"}],"author":[{"embeddable":true,"href":"https:\/\/www.ambitomesagne.it\/ambito\/wp-json\/wp\/v2\/users\/1"}],"replies":[{"embeddable":true,"href":"https:\/\/www.ambitomesagne.it\/ambito\/wp-json\/wp\/v2\/comments?post=3347"}],"version-history":[{"count":3,"href":"https:\/\/www.ambitomesagne.it\/ambito\/wp-json\/wp\/v2\/posts\/3347\/revisions"}],"predecessor-version":[{"id":3366,"href":"https:\/\/www.ambitomesagne.it\/ambito\/wp-json\/wp\/v2\/posts\/3347\/revisions\/3366"}],"wp:featuredmedia":[{"embeddable":true,"href":"https:\/\/www.ambitomesagne.it\/ambito\/wp-json\/wp\/v2\/media\/3358"}],"wp:attachment":[{"href":"https:\/\/www.ambitomesagne.it\/ambito\/wp-json\/wp\/v2\/media?parent=3347"}],"wp:term":[{"taxonomy":"category","embeddable":true,"href":"https:\/\/www.ambitomesagne.it\/ambito\/wp-json\/wp\/v2\/categories?post=3347"},{"taxonomy":"post_tag","embeddable":true,"href":"https:\/\/www.ambitomesagne.it\/ambito\/wp-json\/wp\/v2\/tags?post=3347"}],"curies":[{"name":"wp","href":"https:\/\/api.w.org\/{rel}","templated":true}]}}