{"id":3117,"date":"2023-06-12T22:18:05","date_gmt":"2023-06-12T20:18:05","guid":{"rendered":"https:\/\/www.ambitomesagne.it\/ambito\/?p=3117"},"modified":"2023-11-21T23:36:14","modified_gmt":"2023-11-21T22:36:14","slug":"avviso-pubblico-rivolto-a-soggetti-terzo-settore-disponibili-alla-co-progettazione-e-gestione-di-attivita-e-interventi-pon-inclusione-asse-6-interventi-di-contrasto-agli-effetti-del-covid-19-react","status":"publish","type":"post","link":"https:\/\/www.ambitomesagne.it\/ambito\/2023\/06\/12\/avviso-pubblico-rivolto-a-soggetti-terzo-settore-disponibili-alla-co-progettazione-e-gestione-di-attivita-e-interventi-pon-inclusione-asse-6-interventi-di-contrasto-agli-effetti-del-covid-19-react\/","title":{"rendered":"Co-progettazione e gestione di attivit\u00e0 nell&#8217;ambito del PON Inclusione Asse 6 &#8211; Interventi di contrasto agli effetti del COVID-19 (React-EU) &#8211; Avviso pubblico 1\/2021 PrInS"},"content":{"rendered":"\n<p><\/p>\n\n\n<p><strong>Determinazione R.G. n. 87 dell&#8217;8 giugno 2023 &#8211; Avviso pubblico 1\/2021 PrInS <\/strong>per la presentazione di progetti di Intervento Sociale da parte degli Ambiti Territoriali finalizzata alla realizzazione di attivit\u00e0 e interventi a favore delle persone in condizioni di povert\u00e0 estrema o marginalit\u00e0, da finanziare mediante risorse rivenienti dall\u2019iniziativa REACT-EU &#8211; PON INCLUSIONE REACT-EU, finanziato nell\u2019ambito della risposta dell\u2019Unione alla pandemia di Covid 19.<\/p>\n<p><strong>L\u2019istanza deve essere presentata dagli enti interessati a partecipare all\u2019Avviso &#8211; in possesso dei requisiti di cui all\u2019art. 6 dello stesso &#8211; entro il 23 giugno 2023.<\/strong><\/p>\n<p>Le proposte progettuali, corredate dai documenti indicati nell&#8217;Avviso e sottoscritte dai rappresentanti legali, dovranno pervenire tramite posta elettronica certificata (PEC) all\u2019indirizzo: consorzio@pec.ambitomesagne.it; nell\u2019oggetto deve essere indicato \u201cAVVISO PUBBLICO FINALIZZATO ALL\u2019INDIVIDUAZIONE DI SOGGETTI DEL TERZO SETTORE DISPONIBILI ALLA COPROGETTAZIONE E GESTIONE IN PARTNERSHIP DI ATTIVITA\u2019 E INTERVENTI NELL\u2019AMBITO DEL PON INCLUSIONE (FSE 2024-2020) ASSE 6 \u2013 INTERVENTI DI CONTRASTO AGLI EFFETTI DEL COVID -19 (REACT -EU) AVVISO PUBBLICO 1\/2021 PRINS\u201d.<\/p>\n<p><strong>In allegato l&#8217;Avviso Pubblico, la determinazione di approvazione dell&#8217;avviso e gli allegati da compilare.<\/strong><\/p>","protected":false},"excerpt":{"rendered":"<p>Determinazione R.G. n. 87 dell&#8217;8 giugno 2023 &#8211; Avviso pubblico 1\/2021 PrInS per la presentazione di progetti di Intervento Sociale da parte degli Ambiti Territoriali &#8230; <\/p>\n","protected":false},"author":1,"featured_media":3124,"comment_status":"closed","ping_status":"open","sticky":false,"template":"","format":"standard","meta":[],"categories":[13],"tags":[],"_links":{"self":[{"href":"https:\/\/www.ambitomesagne.it\/ambito\/wp-json\/wp\/v2\/posts\/3117"}],"collection":[{"href":"https:\/\/www.ambitomesagne.it\/ambito\/wp-json\/wp\/v2\/posts"}],"about":[{"href":"https:\/\/www.ambitomesagne.it\/ambito\/wp-json\/wp\/v2\/types\/post"}],"author":[{"embeddable":true,"href":"https:\/\/www.ambitomesagne.it\/ambito\/wp-json\/wp\/v2\/users\/1"}],"replies":[{"embeddable":true,"href":"https:\/\/www.ambitomesagne.it\/ambito\/wp-json\/wp\/v2\/comments?post=3117"}],"version-history":[{"count":14,"href":"https:\/\/www.ambitomesagne.it\/ambito\/wp-json\/wp\/v2\/posts\/3117\/revisions"}],"predecessor-version":[{"id":3146,"href":"https:\/\/www.ambitomesagne.it\/ambito\/wp-json\/wp\/v2\/posts\/3117\/revisions\/3146"}],"wp:featuredmedia":[{"embeddable":true,"href":"https:\/\/www.ambitomesagne.it\/ambito\/wp-json\/wp\/v2\/media\/3124"}],"wp:attachment":[{"href":"https:\/\/www.ambitomesagne.it\/ambito\/wp-json\/wp\/v2\/media?parent=3117"}],"wp:term":[{"taxonomy":"category","embeddable":true,"href":"https:\/\/www.ambitomesagne.it\/ambito\/wp-json\/wp\/v2\/categories?post=3117"},{"taxonomy":"post_tag","embeddable":true,"href":"https:\/\/www.ambitomesagne.it\/ambito\/wp-json\/wp\/v2\/tags?post=3117"}],"curies":[{"name":"wp","href":"https:\/\/api.w.org\/{rel}","templated":true}]}}