{"id":2980,"date":"2023-04-19T23:09:26","date_gmt":"2023-04-19T21:09:26","guid":{"rendered":"https:\/\/www.ambitomesagne.it\/ambito\/?p=2980"},"modified":"2023-04-25T23:45:03","modified_gmt":"2023-04-25T21:45:03","slug":"donne-dalbania-in-italia-venerdi-21-aprile-la-presentazione-del-libro","status":"publish","type":"post","link":"https:\/\/www.ambitomesagne.it\/ambito\/2023\/04\/19\/donne-dalbania-in-italia-venerdi-21-aprile-la-presentazione-del-libro\/","title":{"rendered":"\u201cDonne d\u2019Albania in Italia\u201d, venerd\u00ec 21 aprile la presentazione del libro"},"content":{"rendered":"<p>Si terr\u00e0 venerd\u00ec 21 aprile, alle ore 18.00 presso l\u2019Auditorium del Castello di Mesagne, la presentazione del libro \u201cDonne d\u2019Albania in Italia. Riflessioni, Testimonianze, Emozioni\u201d di Rando Devole e Claudio Paravati. L\u2019iniziativa \u00e8 organizzata dalla Commissione Pari Opportunit\u00e0, Politiche di Genere e Diritti civili Citt\u00e0 di Mesagne e si propone come occasione utile per riflettere sui temi dell\u2019immigrazione e dell\u2019integrazione delle persone straniere.<\/p>\n<p>Sono passati pi\u00f9 di trent\u2019anni dall\u2019inizio della migrazione albanese verso l\u2019Italia, e se oggi la comunit\u00e0 albanese rappresenta una delle collettivit\u00e0 storiche pi\u00f9 numerose e pi\u00f9 integrate nel tessuto socio-economico italiano \u00e8 anche grazie all\u2019apporto delle donne, di quell\u2019universo femminile sempre variegato e poliedrico in cui energie, talenti, intelligenze e professionalit\u00e0 si muovono sullo sfondo di un\u2019origine, di un\u2019identit\u00e0 e di una storia comune. Dall\u2019incontro con queste \u201c\u201ddonne d\u2019Albania\u201d, di prima e seconda generazione, che vivono e lavorano in Italia, \u00e8 nato \u201cDonne d\u2019Albania in Italia\u201d: partendo dal percorso migratorio, il testo tratta numerosi temi tra cui l\u2019accoglienza, l\u2019integrazione, l\u2019identit\u00e0, la lingua, la letteratura, le dinamiche familiari, i matrimoni misti, il mondo del lavoro, il Paese d\u2019origine ma anche la partecipazione alla vita sociale e politica dei nuovi luoghi in cui si vive. Ad arricchire il mosaico dei contributi, diverse sezioni dedicate a poesia, pittura, fotografia.<\/p>\n<p>L\u2019iniziativa gode del patrocinio del Consorzio BR4. Ingresso gratuito.<\/p>\n<p>In allegato la locandina dell&#8217;evento.<\/p>\n","protected":false},"excerpt":{"rendered":"<p>Si terr\u00e0 venerd\u00ec 21 aprile, alle ore 18.00 presso l\u2019Auditorium del Castello di Mesagne, la presentazione del libro \u201cDonne d\u2019Albania in Italia. Riflessioni, Testimonianze, Emozioni\u201d &#8230; <\/p>\n","protected":false},"author":1,"featured_media":2982,"comment_status":"closed","ping_status":"open","sticky":false,"template":"","format":"standard","meta":[],"categories":[13],"tags":[],"_links":{"self":[{"href":"https:\/\/www.ambitomesagne.it\/ambito\/wp-json\/wp\/v2\/posts\/2980"}],"collection":[{"href":"https:\/\/www.ambitomesagne.it\/ambito\/wp-json\/wp\/v2\/posts"}],"about":[{"href":"https:\/\/www.ambitomesagne.it\/ambito\/wp-json\/wp\/v2\/types\/post"}],"author":[{"embeddable":true,"href":"https:\/\/www.ambitomesagne.it\/ambito\/wp-json\/wp\/v2\/users\/1"}],"replies":[{"embeddable":true,"href":"https:\/\/www.ambitomesagne.it\/ambito\/wp-json\/wp\/v2\/comments?post=2980"}],"version-history":[{"count":2,"href":"https:\/\/www.ambitomesagne.it\/ambito\/wp-json\/wp\/v2\/posts\/2980\/revisions"}],"predecessor-version":[{"id":2984,"href":"https:\/\/www.ambitomesagne.it\/ambito\/wp-json\/wp\/v2\/posts\/2980\/revisions\/2984"}],"wp:featuredmedia":[{"embeddable":true,"href":"https:\/\/www.ambitomesagne.it\/ambito\/wp-json\/wp\/v2\/media\/2982"}],"wp:attachment":[{"href":"https:\/\/www.ambitomesagne.it\/ambito\/wp-json\/wp\/v2\/media?parent=2980"}],"wp:term":[{"taxonomy":"category","embeddable":true,"href":"https:\/\/www.ambitomesagne.it\/ambito\/wp-json\/wp\/v2\/categories?post=2980"},{"taxonomy":"post_tag","embeddable":true,"href":"https:\/\/www.ambitomesagne.it\/ambito\/wp-json\/wp\/v2\/tags?post=2980"}],"curies":[{"name":"wp","href":"https:\/\/api.w.org\/{rel}","templated":true}]}}