{"id":2964,"date":"2023-04-14T17:54:07","date_gmt":"2023-04-14T15:54:07","guid":{"rendered":"https:\/\/www.ambitomesagne.it\/ambito\/?p=2964"},"modified":"2023-04-25T23:46:28","modified_gmt":"2023-04-25T21:46:28","slug":"progetto-renaissance-parte-la-formazione-lunedi-17-aprile-la-conferenza-stampa","status":"publish","type":"post","link":"https:\/\/www.ambitomesagne.it\/ambito\/2023\/04\/14\/progetto-renaissance-parte-la-formazione-lunedi-17-aprile-la-conferenza-stampa\/","title":{"rendered":"Progetto &#8220;Renaissance&#8221;, parte la formazione &#8211; luned\u00ec 17 aprile la conferenza stampa"},"content":{"rendered":"<p>Si chiude la fase di orientamento e si avviano le attivit\u00e0 di formazione nell\u2019ambito del progetto Renaissance, il percorso integrato a sostegno dell&#8217;autoimprenditorialit\u00e0 e dell&#8217;autoimpiego che coinvolge 18 persone a rischio di emarginazione sociale. Si svolger\u00e0 luned\u00ec 17 aprile alle ore 10.30 presso l\u2019Aula consiliare del Comune di Mesagne in Via Roma 2 la conferenza stampa convocata per fare il punto della situazione.<br \/>\nIntervengono:<\/p>\n<ul>\n<li><strong>Antonio Calabrese<\/strong>, presidente consorzio ATS BR 4<\/li>\n<li><strong>Franca Passaseo<\/strong>, direttrice ente di formazione AFG \u2013 Associazione di Formazione Globale<\/li>\n<li><strong>Franca Rizzo<\/strong>, presidente associazione \u201cFiorediloto\u201d<\/li>\n<li>I rappresentanti del gruppo di lavoro che hanno seguito la fase di Orientamento.<\/li>\n<\/ul>\n<p>L&#8217;incontro \u00e8 aperto al pubblico.<\/p>\n","protected":false},"excerpt":{"rendered":"<p>Si chiude la fase di orientamento e si avviano le attivit\u00e0 di formazione nell\u2019ambito del progetto Renaissance, il percorso integrato a sostegno dell&#8217;autoimprenditorialit\u00e0 e dell&#8217;autoimpiego &#8230; <\/p>\n","protected":false},"author":1,"featured_media":2969,"comment_status":"closed","ping_status":"open","sticky":false,"template":"","format":"standard","meta":[],"categories":[13],"tags":[],"_links":{"self":[{"href":"https:\/\/www.ambitomesagne.it\/ambito\/wp-json\/wp\/v2\/posts\/2964"}],"collection":[{"href":"https:\/\/www.ambitomesagne.it\/ambito\/wp-json\/wp\/v2\/posts"}],"about":[{"href":"https:\/\/www.ambitomesagne.it\/ambito\/wp-json\/wp\/v2\/types\/post"}],"author":[{"embeddable":true,"href":"https:\/\/www.ambitomesagne.it\/ambito\/wp-json\/wp\/v2\/users\/1"}],"replies":[{"embeddable":true,"href":"https:\/\/www.ambitomesagne.it\/ambito\/wp-json\/wp\/v2\/comments?post=2964"}],"version-history":[{"count":2,"href":"https:\/\/www.ambitomesagne.it\/ambito\/wp-json\/wp\/v2\/posts\/2964\/revisions"}],"predecessor-version":[{"id":2967,"href":"https:\/\/www.ambitomesagne.it\/ambito\/wp-json\/wp\/v2\/posts\/2964\/revisions\/2967"}],"wp:featuredmedia":[{"embeddable":true,"href":"https:\/\/www.ambitomesagne.it\/ambito\/wp-json\/wp\/v2\/media\/2969"}],"wp:attachment":[{"href":"https:\/\/www.ambitomesagne.it\/ambito\/wp-json\/wp\/v2\/media?parent=2964"}],"wp:term":[{"taxonomy":"category","embeddable":true,"href":"https:\/\/www.ambitomesagne.it\/ambito\/wp-json\/wp\/v2\/categories?post=2964"},{"taxonomy":"post_tag","embeddable":true,"href":"https:\/\/www.ambitomesagne.it\/ambito\/wp-json\/wp\/v2\/tags?post=2964"}],"curies":[{"name":"wp","href":"https:\/\/api.w.org\/{rel}","templated":true}]}}