{"id":2907,"date":"2023-03-20T21:04:11","date_gmt":"2023-03-20T20:04:11","guid":{"rendered":"https:\/\/www.ambitomesagne.it\/ambito\/?p=2907"},"modified":"2025-03-27T03:23:50","modified_gmt":"2025-03-27T02:23:50","slug":"il-progetto-di-vita-indipendente-una-scommessa-per-la-dignita-e-lautonomia-delle-persone-con-disabilita-il-convegno","status":"publish","type":"post","link":"https:\/\/www.ambitomesagne.it\/ambito\/2023\/03\/20\/il-progetto-di-vita-indipendente-una-scommessa-per-la-dignita-e-lautonomia-delle-persone-con-disabilita-il-convegno\/","title":{"rendered":"PRO.VI, una scommessa per la dignit\u00e0 e l\u2019autonomia delle persone con disabilit\u00e0: il convegno a Brindisi"},"content":{"rendered":"<p>Si svolger\u00e0 marted\u00ec 21 marzo 2023, dalle ore 15.30 alle ore 19, il convegno a tema organizzato presso il Salone di Rappresentanza della Provincia di Brindisi. L\u2019incontro \u00e8 promosso dalla Provincia di Brindisi in collaborazione con la Cooperativa \u201cSocioculturale\u201d, d&#8217;intesa con l&#8217;Assessorato al Welfare della Regione Puglia e il patrocinio dell&#8217;Ordine degli Assistenti Sociali della Puglia.<\/p>\n<p>Sull\u2019argomento \u201cPromozione e attuazione del PRO.VI., l\u2019impegno degli ATS della Provincia di Brindisi\u201d intervengono: dott. Antonio Calabrese, coordinatore istituzionale Cabina di Regia degli ATS della Provincia di Brindisi; dott. Gianluca Budano, coordinatore tecnico Cabina di Regia degli ATS della Provincia di Brindisi. Le conclusioni sono affidate alla dott.ssa Rosa, Barone, assessore al Welfare della Regione Puglia.<\/p>\n<p>Per riflettere sul progetto di vita dei ragazzi con disabilit\u00e0, sul loro futuro al termine del ciclo scolastico. Per scommettere sulle loro potenzialit\u00e0\/abilit\u00e0 e sulla loro autonomia. \u00c8 rivolto ai caregiver, ai dirigenti e docenti degli Istituti Scolastici Secondari di Secondo Grado, al personale dei Servizi Sociali e dei Servizi di Integrazione Scolastica, alle comunit\u00e0 locali. Per iscrizioni, inviare <a style=\"color: black; text-decoration: none;\" href=\"https:\/\/www.east-inflatables.co.nz\/e106063-mechanical-bull.html\">e-mail<\/a> a <a href=\"mailto:integrazionescolasticabr@socioculturale.ita\">integrazionescolasticabr@socioculturale.ita<\/a><\/p>\n<p>In allegato la locandina dell&#8217;evento.<\/p>\n","protected":false},"excerpt":{"rendered":"<p>Si svolger\u00e0 marted\u00ec 21 marzo 2023, dalle ore 15.30 alle ore 19, il convegno a tema organizzato presso il Salone di Rappresentanza della Provincia di &#8230; <\/p>\n","protected":false},"author":1,"featured_media":2912,"comment_status":"closed","ping_status":"open","sticky":false,"template":"","format":"standard","meta":[],"categories":[13],"tags":[],"_links":{"self":[{"href":"https:\/\/www.ambitomesagne.it\/ambito\/wp-json\/wp\/v2\/posts\/2907"}],"collection":[{"href":"https:\/\/www.ambitomesagne.it\/ambito\/wp-json\/wp\/v2\/posts"}],"about":[{"href":"https:\/\/www.ambitomesagne.it\/ambito\/wp-json\/wp\/v2\/types\/post"}],"author":[{"embeddable":true,"href":"https:\/\/www.ambitomesagne.it\/ambito\/wp-json\/wp\/v2\/users\/1"}],"replies":[{"embeddable":true,"href":"https:\/\/www.ambitomesagne.it\/ambito\/wp-json\/wp\/v2\/comments?post=2907"}],"version-history":[{"count":9,"href":"https:\/\/www.ambitomesagne.it\/ambito\/wp-json\/wp\/v2\/posts\/2907\/revisions"}],"predecessor-version":[{"id":4676,"href":"https:\/\/www.ambitomesagne.it\/ambito\/wp-json\/wp\/v2\/posts\/2907\/revisions\/4676"}],"wp:featuredmedia":[{"embeddable":true,"href":"https:\/\/www.ambitomesagne.it\/ambito\/wp-json\/wp\/v2\/media\/2912"}],"wp:attachment":[{"href":"https:\/\/www.ambitomesagne.it\/ambito\/wp-json\/wp\/v2\/media?parent=2907"}],"wp:term":[{"taxonomy":"category","embeddable":true,"href":"https:\/\/www.ambitomesagne.it\/ambito\/wp-json\/wp\/v2\/categories?post=2907"},{"taxonomy":"post_tag","embeddable":true,"href":"https:\/\/www.ambitomesagne.it\/ambito\/wp-json\/wp\/v2\/tags?post=2907"}],"curies":[{"name":"wp","href":"https:\/\/api.w.org\/{rel}","templated":true}]}}