{"id":2090,"date":"2022-06-26T01:30:28","date_gmt":"2022-06-25T23:30:28","guid":{"rendered":"https:\/\/www.ambitomesagne.it\/ambito\/?p=2090"},"modified":"2024-09-20T07:05:14","modified_gmt":"2024-09-20T05:05:14","slug":"united-for-beauty-2022-la-bellezza-sempre-nonostante-le-fragilita","status":"publish","type":"post","link":"https:\/\/www.ambitomesagne.it\/ambito\/2022\/06\/26\/united-for-beauty-2022-la-bellezza-sempre-nonostante-le-fragilita\/","title":{"rendered":"La bellezza sempre, nonostante le fragilit\u00e0: la quinta edizione di &#8216;United for Beauty&#8217;"},"content":{"rendered":"<p>Bellissimi nonostante le fragilit\u00e0: \u00e8 lo spirito che anche quest&#8217;anno riporta in piazza \u2018United for Beauty\u2019.<\/p>\n<p>L&#8217;appuntamento con la quinta edizione di \u2018United for Beauty\u2019 \u00e8 per domenica 26 giugno, a partire dalle 16.30, in Piazza Commestibili a Mesagne. Hair stylist, make up artist, onicotecniche, nails designer e massaggiatori, lavoreranno per donare bellezza agli ospiti dei centri socio-educativi, socio-riabilitativi e delle case di cura del territorio. L\u2019evento, voluto e organizzato da&nbsp;<strong>Marcello Caforio<\/strong>, hair stylist di Latiano, in collaborazione con <strong>Vivisalute.org<\/strong>, <strong>Confcommercio Mesagne<\/strong> e <strong>Confcommercio Salute<\/strong>, \u00e8 patrocinato dai Comuni di Mesagne e Latiano e dal Consorzio BR4.<\/p>\n<p>Mentre il team di professionisti della bellezza e del benessere sar\u00e0 al lavoro, il pubblico presente in piazza potr\u00e0 assistere alle performance di artisti, musicisti e ballerini presentati dalla giornalista Maria Di Filippo e da Giancarlo Occhilupo. Si esibiranno le cantanti <strong>Azzurra De Nitto<\/strong>, <strong>Martina Picone <\/strong>e <strong>Laura Galiano<\/strong>, il tenore <strong>Aldo Gallone<\/strong>, il gruppo di musica elettronica <strong>Chromophobia<\/strong>, il chitarrista&nbsp;jazz <strong>Davide Chionna<\/strong>, l&#8217;artista e compositore <strong>Ignazio Deg,<\/strong> gli atleti dell&#8217;associazione sportiva <strong>Vertical gym<\/strong>, i ballerini della maestra di danza <strong>Antonella Di Lecce,<\/strong> le danzatrici del ventre del gruppo <strong>Amal Bellydance<\/strong>.<\/p>\n<p>Si potr\u00e0 accedere all\u2019evento acquistando la pashmina \u2018United for Beauty 5\u2019, con i colori della citt\u00e0 ospitante <a href=\"https:\/\/www.east-inflatables.co.uk\/e131021-inflatable-disco-dome.html\" style=\"color: black; text-decoration: none;\">inflatable disco dome<\/a>. Per informazioni e prenotazioni contattare il numero 320.3080.006.<\/p>\n","protected":false},"excerpt":{"rendered":"<p>Bellissimi nonostante le fragilit\u00e0: \u00e8 lo spirito che anche quest&#8217;anno riporta in piazza \u2018United for Beauty\u2019. L&#8217;appuntamento con la quinta edizione di \u2018United for Beauty\u2019 &#8230; <\/p>\n","protected":false},"author":1,"featured_media":0,"comment_status":"closed","ping_status":"open","sticky":false,"template":"","format":"standard","meta":[],"categories":[13,14],"tags":[],"_links":{"self":[{"href":"https:\/\/www.ambitomesagne.it\/ambito\/wp-json\/wp\/v2\/posts\/2090"}],"collection":[{"href":"https:\/\/www.ambitomesagne.it\/ambito\/wp-json\/wp\/v2\/posts"}],"about":[{"href":"https:\/\/www.ambitomesagne.it\/ambito\/wp-json\/wp\/v2\/types\/post"}],"author":[{"embeddable":true,"href":"https:\/\/www.ambitomesagne.it\/ambito\/wp-json\/wp\/v2\/users\/1"}],"replies":[{"embeddable":true,"href":"https:\/\/www.ambitomesagne.it\/ambito\/wp-json\/wp\/v2\/comments?post=2090"}],"version-history":[{"count":6,"href":"https:\/\/www.ambitomesagne.it\/ambito\/wp-json\/wp\/v2\/posts\/2090\/revisions"}],"predecessor-version":[{"id":4227,"href":"https:\/\/www.ambitomesagne.it\/ambito\/wp-json\/wp\/v2\/posts\/2090\/revisions\/4227"}],"wp:attachment":[{"href":"https:\/\/www.ambitomesagne.it\/ambito\/wp-json\/wp\/v2\/media?parent=2090"}],"wp:term":[{"taxonomy":"category","embeddable":true,"href":"https:\/\/www.ambitomesagne.it\/ambito\/wp-json\/wp\/v2\/categories?post=2090"},{"taxonomy":"post_tag","embeddable":true,"href":"https:\/\/www.ambitomesagne.it\/ambito\/wp-json\/wp\/v2\/tags?post=2090"}],"curies":[{"name":"wp","href":"https:\/\/api.w.org\/{rel}","templated":true}]}}