{"id":2084,"date":"2022-06-23T12:38:50","date_gmt":"2022-06-23T10:38:50","guid":{"rendered":"https:\/\/www.ambitomesagne.it\/ambito\/?p=2084"},"modified":"2024-09-20T07:04:21","modified_gmt":"2024-09-20T05:04:21","slug":"nuove-figure-professionali-funzioni-calendario-e-contatti","status":"publish","type":"post","link":"https:\/\/www.ambitomesagne.it\/ambito\/2022\/06\/23\/nuove-figure-professionali-funzioni-calendario-e-contatti\/","title":{"rendered":"Nuove figure professionali: funzioni, calendario e contatti"},"content":{"rendered":"<p><strong>Nuove figure professionali: funzioni, calendario e contatti<\/strong><\/p>\n<p>A seguito di avviso pubblico, il Consorzio BR4 ha individuato le figure di un educatore professionale, di un mediatore familiare, di un mediatore linguistico \u2013 culturale e di un addetto alla comunicazione per la cura degli aspetti che attengono all\u2019informazione istituzionale.<\/p>\n<p>Come previsto nell\u2019Avviso, le nuove figure saranno impegnate nella realizzazione del PAL &#8211; Piano di Attuazione Locale, all\u2019interno del quale si delinea la realizzazione di diverse azioni progettuali di contrasto alle povert\u00e0.<\/p>\n<p>L\u2019<strong>educatore professionale<\/strong>, dott.ssa <strong>Stefania Carriero<\/strong>, impegnato con funzioni di orientamento e facilitazione dell\u2019accesso ai servizi socio-educativi, socio-sanitari e socio-assistenziali \u2013 rivolti ai minori con disabilit\u00e0 e con bisogni speciali residenti nei Comuni dell\u2019Ats BR4 \u2013 e con funzione di supporto alla genitorialit\u00e0 in favore di famiglie in condizioni di disagio socio-economico, sar\u00e0 presente presso l\u2019ufficio di Piano luned\u00ec, mercoled\u00ec e gioved\u00ec dalle 9 alle 13, marted\u00ec e venerd\u00ec dalle 9 alle 12.<\/p>\n<p>Il<strong>&nbsp;mediatore familiare<\/strong>, dott.ssa <strong>Raffaella Dario<\/strong>, esperto nella gestione dei conflitti, coordiner\u00e0 l\u2019impegno sui territori dell\u2019Ats BR4 in rete con il Centro Ascolto, garantendo la presenza e il rapporto con il pubblico presso l\u2019ufficio di Piano ogni mercoled\u00ec, gioved\u00ec e venerd\u00ec dalle 9 alle 14 e il gioved\u00ec pomeriggio dalle 15 alle 18. Il mediatore curer\u00e0, inoltre, i rapporti con l\u2019UEPE \u2013 Ufficio per l\u2019Esecuzione Penale Esterna e l\u2019USSM \u2013 Ufficio di Servizio Sociale per Minorenni <a href=\"https:\/\/www.east-inflatables.co.uk\/e131008-frozen-bouncy-castle.html\" style=\"color: black; text-decoration: none;\">frozen bouncy castle<\/a>.<\/p>\n<p>Il&nbsp;<strong>mediatore linguistico-culturale, <\/strong><strong>dott.ssa Anna Chiara Scalera<\/strong><strong>,<\/strong>&nbsp;operer\u00e0 nei Comuni che fanno parte dell\u2019Ambito Territoriale BR4 collaborando con il Centro Ascolto Famiglie \u2018Marcella Di Levrano\u2019 con sede in via Panareo 12 a Mesagne. Gli utenti potranno recarsi direttamente presso la sede dell\u2019ufficio di Piano per segnalare richieste e necessit\u00e0, interventi che verranno gestiti in una logica di raccordo interdisciplinare con i diversi enti e istituzioni presenti sul territorio. Il mediatore linguistico-culturale sar\u00e0 inoltre impegnato in attivit\u00e0 di monitoraggio utili a formulare proposte di programmazione funzionali alla progettualit\u00e0 da sviluppare nel settore. Il mediatore sar\u00e0 presente presso l\u2019ufficio di Piano ogni luned\u00ec, marted\u00ec e gioved\u00ec dalle ore 8 alle ore 14.<\/p>\n<p>Per contatti: recarsi presso l\u2019ufficio di Piano dell\u2019ATS BR4 in via Santacesaria 7, chiamare al numero 0831.779207 oppure inviare un\u2019e-mail a&nbsp;<a href=\"mailto:info@ambitomesagne.it\">info@ambitomesagne.it<\/a>,&nbsp;<a href=\"mailto:consorzio@pec.ambitomesagne.it\">consorzio@pec.ambitomesagne.it<\/a>.<\/p>\n","protected":false},"excerpt":{"rendered":"<p>Nuove figure professionali: funzioni, calendario e contatti A seguito di avviso pubblico, il Consorzio BR4 ha individuato le figure di un educatore professionale, di un &#8230; <\/p>\n","protected":false},"author":1,"featured_media":2085,"comment_status":"closed","ping_status":"open","sticky":false,"template":"","format":"standard","meta":[],"categories":[13,14],"tags":[],"_links":{"self":[{"href":"https:\/\/www.ambitomesagne.it\/ambito\/wp-json\/wp\/v2\/posts\/2084"}],"collection":[{"href":"https:\/\/www.ambitomesagne.it\/ambito\/wp-json\/wp\/v2\/posts"}],"about":[{"href":"https:\/\/www.ambitomesagne.it\/ambito\/wp-json\/wp\/v2\/types\/post"}],"author":[{"embeddable":true,"href":"https:\/\/www.ambitomesagne.it\/ambito\/wp-json\/wp\/v2\/users\/1"}],"replies":[{"embeddable":true,"href":"https:\/\/www.ambitomesagne.it\/ambito\/wp-json\/wp\/v2\/comments?post=2084"}],"version-history":[{"count":5,"href":"https:\/\/www.ambitomesagne.it\/ambito\/wp-json\/wp\/v2\/posts\/2084\/revisions"}],"predecessor-version":[{"id":4226,"href":"https:\/\/www.ambitomesagne.it\/ambito\/wp-json\/wp\/v2\/posts\/2084\/revisions\/4226"}],"wp:featuredmedia":[{"embeddable":true,"href":"https:\/\/www.ambitomesagne.it\/ambito\/wp-json\/wp\/v2\/media\/2085"}],"wp:attachment":[{"href":"https:\/\/www.ambitomesagne.it\/ambito\/wp-json\/wp\/v2\/media?parent=2084"}],"wp:term":[{"taxonomy":"category","embeddable":true,"href":"https:\/\/www.ambitomesagne.it\/ambito\/wp-json\/wp\/v2\/categories?post=2084"},{"taxonomy":"post_tag","embeddable":true,"href":"https:\/\/www.ambitomesagne.it\/ambito\/wp-json\/wp\/v2\/tags?post=2084"}],"curies":[{"name":"wp","href":"https:\/\/api.w.org\/{rel}","templated":true}]}}