{"id":1977,"date":"2022-05-09T09:17:44","date_gmt":"2022-05-09T07:17:44","guid":{"rendered":"https:\/\/www.ambitomesagne.it\/ambito\/?p=1977"},"modified":"2024-09-20T05:09:45","modified_gmt":"2024-09-20T03:09:45","slug":"tavolo-tecnico-per-la-presentazione-della-task-force-di-ambito-per-laccoglienza-dei-minori-ucraini-in-famiglie-affidatarie_-programma-pippi-10","status":"publish","type":"post","link":"https:\/\/www.ambitomesagne.it\/ambito\/2022\/05\/09\/tavolo-tecnico-per-la-presentazione-della-task-force-di-ambito-per-laccoglienza-dei-minori-ucraini-in-famiglie-affidatarie_-programma-pippi-10\/","title":{"rendered":"Tavolo tecnico per la presentazione della task-force di Ambito per l\u2019accoglienza dei minori ucraini in famiglie affidatarie_ Programma PIPPI 10."},"content":{"rendered":"<p>Al fine di garantire una migliore ed ordinata accoglienza dei bambini ucraini in fuga dalla guerra, il Consorzio dell\u2019Ambito Territoriale Sociale BR3 di Francavilla Fontana e il Consorzio per la realizzazione del Sistema Integrato di Welfare dell\u2019ATS BR4 di Mesagne hanno istituito, nell\u2019ambito del Programma ministeriale PIPPI, una task force per gestire tale emergenza, arricchita dalla presenza di due mediatrici culturali madrelingua.<\/p>\n<p>Attesa la necessit\u00e0 di presentare l\u2019equipe di professionisti e la task force sopramenzionata e di fornire orientamenti operativi per detta accoglienza alle varie Istituzioni (Enti Locali, Scuola, Prefettura, Forze dell&#8217;ordine ecc\u2026), associazioni e famiglie affidatarie o interessate all&#8217;affido, le due Amministrazioni consortili hanno ritenuto organizzare un Tavolo tecnico dedicato <a href=\"https:\/\/www.east-gonfiabili.it\/e104051-scivoli-d-acqua.html\" style=\"color: black; text-decoration: none;\">scivoli d acqua<\/a>.<\/p>\n<p>Al Tavolo tecnico interverr\u00e0, inoltre, la Prof.ssa Paola Milani &#8211; Ordinario di Pedagogia Generale e Sociale dell&#8217;Universit\u00e0 di Padova, Coordinatrice nazionale Programma PIPPI, che presenter\u00e0 un documento sui dettagli operativi relativo all\u2019accoglienza dei bambini in fuga dalla guerra ucraina. L&#8217;appuntamento \u00e8 per domani 10 maggio, alle ore 16.00, presso l\u2019Auditorium del Castello Normanno Svevo di Mesagne.<\/p>\n","protected":false},"excerpt":{"rendered":"<p>Al fine di garantire una migliore ed ordinata accoglienza dei bambini ucraini in fuga dalla guerra, il Consorzio dell\u2019Ambito Territoriale Sociale BR3 di Francavilla Fontana &#8230; <\/p>\n","protected":false},"author":1,"featured_media":0,"comment_status":"closed","ping_status":"open","sticky":false,"template":"","format":"standard","meta":[],"categories":[13,14],"tags":[],"_links":{"self":[{"href":"https:\/\/www.ambitomesagne.it\/ambito\/wp-json\/wp\/v2\/posts\/1977"}],"collection":[{"href":"https:\/\/www.ambitomesagne.it\/ambito\/wp-json\/wp\/v2\/posts"}],"about":[{"href":"https:\/\/www.ambitomesagne.it\/ambito\/wp-json\/wp\/v2\/types\/post"}],"author":[{"embeddable":true,"href":"https:\/\/www.ambitomesagne.it\/ambito\/wp-json\/wp\/v2\/users\/1"}],"replies":[{"embeddable":true,"href":"https:\/\/www.ambitomesagne.it\/ambito\/wp-json\/wp\/v2\/comments?post=1977"}],"version-history":[{"count":2,"href":"https:\/\/www.ambitomesagne.it\/ambito\/wp-json\/wp\/v2\/posts\/1977\/revisions"}],"predecessor-version":[{"id":4214,"href":"https:\/\/www.ambitomesagne.it\/ambito\/wp-json\/wp\/v2\/posts\/1977\/revisions\/4214"}],"wp:attachment":[{"href":"https:\/\/www.ambitomesagne.it\/ambito\/wp-json\/wp\/v2\/media?parent=1977"}],"wp:term":[{"taxonomy":"category","embeddable":true,"href":"https:\/\/www.ambitomesagne.it\/ambito\/wp-json\/wp\/v2\/categories?post=1977"},{"taxonomy":"post_tag","embeddable":true,"href":"https:\/\/www.ambitomesagne.it\/ambito\/wp-json\/wp\/v2\/tags?post=1977"}],"curies":[{"name":"wp","href":"https:\/\/api.w.org\/{rel}","templated":true}]}}