{"id":1907,"date":"2022-03-29T15:42:32","date_gmt":"2022-03-29T13:42:32","guid":{"rendered":"https:\/\/www.ambitomesagne.it\/ambito\/?p=1907"},"modified":"2025-03-26T09:14:57","modified_gmt":"2025-03-26T08:14:57","slug":"gli-ambiti-territoriali-sociali-di-francavilla-fontana-e-mesagne-assieme-per-una-presa-in-carico-appropriata-dei-bambini-ucraini-e-di-supporto-alle-famiglie-affidatarie","status":"publish","type":"post","link":"https:\/\/www.ambitomesagne.it\/ambito\/2022\/03\/29\/gli-ambiti-territoriali-sociali-di-francavilla-fontana-e-mesagne-assieme-per-una-presa-in-carico-appropriata-dei-bambini-ucraini-e-di-supporto-alle-famiglie-affidatarie\/","title":{"rendered":"GLI AMBITI TERRITORIALI SOCIALI DI FRANCAVILLA FONTANA E MESAGNE, ASSIEME, PER UNA PRESA IN CARICO APPROPRIATA DEI BAMBINI UCRAINI E DI SUPPORTO ALLE FAMIGLIE AFFIDATARIE"},"content":{"rendered":"<p>L&#8217;integrazione sociale, in particolare dei minori stranieri, \u00e8 fondamentale per la societ\u00e0 tutta. Non \u00e8 un fatto di nicchia, non \u00e8 solo la scelta etica e assistenziale di aiutare delle persone in difficolt\u00e0.&nbsp; \u00c8 il modello di societ\u00e0 inclusiva ad essere in gioco. Questa attenzione i due Ambiti Territoriali l&#8217;hanno gi\u00e0 dimostrata, istituendo stabilmente nel piano povert\u00e0 di ambito la figura del mediatore linguistico e culturale, nella comune convinzione che l&#8217;immigrazione e l&#8217;inclusione non \u00e8 solo emergenza.<\/p>\n<p>L&#8217;emergenza ucraina, che vede coinvolti minori stranieri a volte accompagnati e a volte no, con il comune vissuto drammatico di venire da un luogo di guerra, non poteva lasciare inerti le due Amministrazioni consortili che nell&#8217;alveo del Programma ministeriale PIPPI, a partire dalla settimana prossima, assieme, avvieranno un servizio di presa in carico specializzata per i bambini ucraini e per le famiglie affidatarie, con psicologi, mediatori madrelingua, assistenti sociali e legali, in equipe con i centri per la Famiglia dei due ambiti territoriali sociali.<\/p>\n<p>\u300a Il messaggio che vogliamo dare &#8211; dichiarano i Presidenti dei due Consorzi, Giuseppe Bellanova (Ambito Br 3) e Antonio Calabrese (Ambito Br 4) &#8211; \u00e8 che nemmeno la guerra e l&#8217;emergenza pu\u00f2 interrompere un&#8217;attenzione speciale nei confronti dei bambini, a cui non basta la grande e meritoria disponibilit\u00e0 delle tante famiglie italiane ad accoglierli, ma va abbinata anche la competenza di interventi personalizzati a cura dei professionisti del servizio sociale, anche per il tramite delle famiglie affidatarie cos\u00ec come adeguatamente formate e supportate dalle equipe dei professionisti del servizio sociale messo a punto per l&#8217;occasione\u300b<\/p>\n<p>\u300aL&#8217;approccio competente e professionale deve accompagnare l&#8217;amore verso il prossimo, senza il quale la cultura del dono non esplica la sua massima efficacia verso esistenze fragili e indifese come i bambini di guerra. Le scienze sociali, come quelle mediche, nelle rispettive pubbliche amministrazioni di competenza, hanno il dovere di supportare professionalmente e con approccio multidisciplinare le decine di famiglie affidatarie che generosamente si sono offerte alla causa di questi drammatici vissuti aggiunge Gianluca Budano, Direttore Generale del Consorzio Ambito Territoriale Sociale Br 3 a nome dell&#8217;equipe multidisciplinare che supporter\u00e0 le famiglie dei 15 comuni aderenti ai due Ambiti Territoriali Sociali e della cabina di regia composta dai coach del Programma Pippi (le Dott.sse Giovanna Denuzzo e Romina Cassano per l&#8217;Ambito Br 3, le Dott.sse Mina Campana e Valentina Bejai per l&#8217;Ambito Br 4 e il Dott Massimiliano Macagnino, psicologo\/psicoterapeuta, Giudice onorario presso il Tribunale per i Minorenni di Lecce).<\/p>\n<p>Un&#8217;opportunit\u00e0 per applicare le acquisizioni della ricerca scientifica della metodologia di intervento del Programma PIPPI, sperimentato in questi anni, al fine di garantire un approccio multidisciplinare olistico per una lettura dei bisogni complessi appropriata <a href=\"https:\/\/www.east-gonfiabili.it\/e106-gonfiabili-sportivi.html\" style=\"color: black; text-decoration: none;\">gonfiabili sportivi<\/a>, in considerazione della variet\u00e0, della complessit\u00e0 e multidimensionalit\u00e0 dei bisogni di cui i minori sono portatori, essendo vittime dell&#8217;attuale crisi Ucraina.<\/p>\n<p>Per chiedere supporto gratuito baster\u00e0 chiamare i seguenti numeri: 0831779207 e 08311771041, per fissare un appuntamento, al fine di programmare interventi personalizzati per questa particolare e complessa forma di affido familiare.<\/p>\n<p><img loading=\"lazy\" class=\"alignnone wp-image-1910\" src=\"https:\/\/www.ambitomesagne.it\/ambito\/wp-content\/uploads\/2022\/03\/TASK-FORCE-EMERGENZA-UCRAINA-212x300.jpeg\" alt=\"\" width=\"364\" height=\"516\" srcset=\"https:\/\/www.ambitomesagne.it\/ambito\/wp-content\/uploads\/2022\/03\/TASK-FORCE-EMERGENZA-UCRAINA-212x300.jpeg 212w, https:\/\/www.ambitomesagne.it\/ambito\/wp-content\/uploads\/2022\/03\/TASK-FORCE-EMERGENZA-UCRAINA-724x1024.jpeg 724w, https:\/\/www.ambitomesagne.it\/ambito\/wp-content\/uploads\/2022\/03\/TASK-FORCE-EMERGENZA-UCRAINA-768x1086.jpeg 768w, https:\/\/www.ambitomesagne.it\/ambito\/wp-content\/uploads\/2022\/03\/TASK-FORCE-EMERGENZA-UCRAINA-1086x1536.jpeg 1086w, https:\/\/www.ambitomesagne.it\/ambito\/wp-content\/uploads\/2022\/03\/TASK-FORCE-EMERGENZA-UCRAINA.jpeg 1131w\" sizes=\"(max-width: 364px) 100vw, 364px\" \/><\/p>\n","protected":false},"excerpt":{"rendered":"<p>L&#8217;integrazione sociale, in particolare dei minori stranieri, \u00e8 fondamentale per la societ\u00e0 tutta. Non \u00e8 un fatto di nicchia, non \u00e8 solo la scelta etica &#8230; <\/p>\n","protected":false},"author":1,"featured_media":0,"comment_status":"closed","ping_status":"open","sticky":true,"template":"","format":"standard","meta":[],"categories":[13,14],"tags":[],"_links":{"self":[{"href":"https:\/\/www.ambitomesagne.it\/ambito\/wp-json\/wp\/v2\/posts\/1907"}],"collection":[{"href":"https:\/\/www.ambitomesagne.it\/ambito\/wp-json\/wp\/v2\/posts"}],"about":[{"href":"https:\/\/www.ambitomesagne.it\/ambito\/wp-json\/wp\/v2\/types\/post"}],"author":[{"embeddable":true,"href":"https:\/\/www.ambitomesagne.it\/ambito\/wp-json\/wp\/v2\/users\/1"}],"replies":[{"embeddable":true,"href":"https:\/\/www.ambitomesagne.it\/ambito\/wp-json\/wp\/v2\/comments?post=1907"}],"version-history":[{"count":7,"href":"https:\/\/www.ambitomesagne.it\/ambito\/wp-json\/wp\/v2\/posts\/1907\/revisions"}],"predecessor-version":[{"id":4579,"href":"https:\/\/www.ambitomesagne.it\/ambito\/wp-json\/wp\/v2\/posts\/1907\/revisions\/4579"}],"wp:attachment":[{"href":"https:\/\/www.ambitomesagne.it\/ambito\/wp-json\/wp\/v2\/media?parent=1907"}],"wp:term":[{"taxonomy":"category","embeddable":true,"href":"https:\/\/www.ambitomesagne.it\/ambito\/wp-json\/wp\/v2\/categories?post=1907"},{"taxonomy":"post_tag","embeddable":true,"href":"https:\/\/www.ambitomesagne.it\/ambito\/wp-json\/wp\/v2\/tags?post=1907"}],"curies":[{"name":"wp","href":"https:\/\/api.w.org\/{rel}","templated":true}]}}