{"id":1896,"date":"2022-03-24T11:22:48","date_gmt":"2022-03-24T10:22:48","guid":{"rendered":"https:\/\/www.ambitomesagne.it\/ambito\/?p=1896"},"modified":"2022-03-24T11:23:14","modified_gmt":"2022-03-24T10:23:14","slug":"1896","status":"publish","type":"post","link":"https:\/\/www.ambitomesagne.it\/ambito\/2022\/03\/24\/1896\/","title":{"rendered":"SEDUTA CDA 25\/03\/2022"},"content":{"rendered":"<p><strong>Convocazione del Consiglio di Amministrazione del CONSORZIO PER LA REALIZZAZIONE DEL SISTEMA INTEGRATO DI WELFARE DELL\u2019AMBITO TERRITORIALE SOCIALE BR 4<\/strong><\/p>\n<p>\u00c8 convocato il Consiglio di Amministrazione del <em>Consorzio per la realizzazione del Sistema Integrato di Welfare dell\u2019Ambito Territoriale Sociale BR 4 <\/em>in data <u>25 marzo p.v.<\/u>, presso la sede dell\u2019Ufficio di Piano, sito in Via E. Santacesaria, 7 in Mesagne, in prima convocazione alle <u>ore 15:00<\/u> e in seconda convocazione alle <u>ore 15:30.<\/u><\/p>\n<p>L\u2019adunanza si svolger\u00e0 in modalit\u00e0 mista e si discuter\u00e0 dei seguenti punti all\u2019ordine del giorno:<\/p>\n<ul>\n<li>Approvazione verbale del CdA della seduta precedente;<\/li>\n<li>Approvazione Protocollo di intesa tra Ambiti Territoriali Sociali della Provincia di Brindisi e la Provincia di Brindisi;<\/li>\n<li>Approvazione scheda tecnica di riparto delle risorse PNRR missione 5 componente 2 sottocomponente 1;<\/li>\n<li>Varie ed eventuali.<\/li>\n<\/ul>\n","protected":false},"excerpt":{"rendered":"<p>Convocazione del Consiglio di Amministrazione del CONSORZIO PER LA REALIZZAZIONE DEL SISTEMA INTEGRATO DI WELFARE DELL\u2019AMBITO TERRITORIALE SOCIALE BR 4 \u00c8 convocato il Consiglio di &#8230; <\/p>\n","protected":false},"author":1,"featured_media":0,"comment_status":"closed","ping_status":"open","sticky":false,"template":"","format":"standard","meta":[],"categories":[14],"tags":[],"_links":{"self":[{"href":"https:\/\/www.ambitomesagne.it\/ambito\/wp-json\/wp\/v2\/posts\/1896"}],"collection":[{"href":"https:\/\/www.ambitomesagne.it\/ambito\/wp-json\/wp\/v2\/posts"}],"about":[{"href":"https:\/\/www.ambitomesagne.it\/ambito\/wp-json\/wp\/v2\/types\/post"}],"author":[{"embeddable":true,"href":"https:\/\/www.ambitomesagne.it\/ambito\/wp-json\/wp\/v2\/users\/1"}],"replies":[{"embeddable":true,"href":"https:\/\/www.ambitomesagne.it\/ambito\/wp-json\/wp\/v2\/comments?post=1896"}],"version-history":[{"count":2,"href":"https:\/\/www.ambitomesagne.it\/ambito\/wp-json\/wp\/v2\/posts\/1896\/revisions"}],"predecessor-version":[{"id":1898,"href":"https:\/\/www.ambitomesagne.it\/ambito\/wp-json\/wp\/v2\/posts\/1896\/revisions\/1898"}],"wp:attachment":[{"href":"https:\/\/www.ambitomesagne.it\/ambito\/wp-json\/wp\/v2\/media?parent=1896"}],"wp:term":[{"taxonomy":"category","embeddable":true,"href":"https:\/\/www.ambitomesagne.it\/ambito\/wp-json\/wp\/v2\/categories?post=1896"},{"taxonomy":"post_tag","embeddable":true,"href":"https:\/\/www.ambitomesagne.it\/ambito\/wp-json\/wp\/v2\/tags?post=1896"}],"curies":[{"name":"wp","href":"https:\/\/api.w.org\/{rel}","templated":true}]}}