{"id":1893,"date":"2022-02-23T14:47:52","date_gmt":"2022-02-23T13:47:52","guid":{"rendered":"https:\/\/www.ambitomesagne.it\/ambito\/?p=1893"},"modified":"2024-09-20T05:06:43","modified_gmt":"2024-09-20T03:06:43","slug":"disability-card-aperta-la-procedura-per-richiedere-la-carta-europea-della-disabilita-ced","status":"publish","type":"post","link":"https:\/\/www.ambitomesagne.it\/ambito\/2022\/02\/23\/disability-card-aperta-la-procedura-per-richiedere-la-carta-europea-della-disabilita-ced\/","title":{"rendered":"DISABILITY CARD: APERTA LA PROCEDURA PER RICHIEDERE LA CARTA EUROPEA DELLA DISABILIT\u00c0 (CED)."},"content":{"rendered":"<p style=\"text-align: left;\">Si rende noto che dal 22 febbraio 2022 \u00e8 possibile richiedere, direttamente sul sito dell\u2019INPS, la Disability Card che consente alle persone con disabilit\u00e0 di accedere ad una serie di servizi gratuiti e agevolazioni in materia di trasporti, cultura e tempo libero sul territorio nazionale e in tutti gli Stati membri dell\u2019Unione Europea.<br \/>\nLa Disability Card va a sostituire tutti i certificati cartacei, permettendo semplificazione, sburocratizzazione e digitalizzazione anche nella vita delle persone disabili, che pi\u00f9 di altre, hanno problemi con la burocrazia, garantendo, cos\u00ec, la piena inclusione nella vita sociale e culturale della comunit\u00e0.<br \/>\nNello specifico, possono richiedere gratuitamente la Disability Card le categorie di soggetti in condizione di disabilit\u00e0, media, grave e di non autosufficienza.<br \/>\nLa presentazione della Carta esonera dall\u2019esibizione di altre certificazioni che attestino l\u2019appartenenza alle categorie aventi diritto. Ha valore sia di documento d\u2019identit\u00e0, in quanto fornito di dati e di fototessera, sia di documento di riconoscimento dell\u2019invalidit\u00e0 e vale fino alla permanenza della condizione di disabilit\u00e0 e comunque non oltre 10 anni, al termine dei quali pu\u00f2 essere richiesto il rinnovo, previa verifica dei requisiti.<br \/>\nUna volta verificati dall\u2019INPS i dati inseriti e la sussistenza dei requisiti per il rilascio, la Card viene spedita al richiedente presso l\u2019indirizzo indicato e la procedura sar\u00e0 completata entro 60 giorni dalla richiesta <a href=\"https:\/\/www.east-gonfiabili.it\/e103040-gonfiabile-gigante.html\" style=\"color: black; text-decoration: none;\">gonfiabile gigante<\/a>.<br \/>\nLa richiesta pu\u00f2 essere inoltrata dai soggetti richiedenti o anche dalle Associazioni maggiormente rappresentative delle persone con disabilit\u00e0, abilitate dall\u2019INPS. Nel caso di minori disabili, la domanda pu\u00f2 essere presentata dai genitori o dal tutore legale.<br \/>\nSi pu\u00f2 presentare domanda al seguente link:<br \/>\nhttps:\/\/serviziweb2.inps.it\/PassiWeb\/jsp\/spid\/loginSPID.jsp?uri=https%3a%2f%2fwww.inps.it%2fservizi%2fEDCard%2f&#038;S=S<br \/>\nSi punta all\u2019attivazione di una tessera uguale e riconosciuta in tutti i Paesi ma anche alla soluzione di varie sfide organizzative che presuppongono il coinvolgimento e l\u2019adesione di vari attori istituzionali e non, pubblici e privati.<\/p>\n","protected":false},"excerpt":{"rendered":"<p>Si rende noto che dal 22 febbraio 2022 \u00e8 possibile richiedere, direttamente sul sito dell\u2019INPS, la Disability Card che consente alle persone con disabilit\u00e0 di &#8230; <\/p>\n","protected":false},"author":1,"featured_media":0,"comment_status":"closed","ping_status":"open","sticky":false,"template":"","format":"standard","meta":[],"categories":[14],"tags":[],"_links":{"self":[{"href":"https:\/\/www.ambitomesagne.it\/ambito\/wp-json\/wp\/v2\/posts\/1893"}],"collection":[{"href":"https:\/\/www.ambitomesagne.it\/ambito\/wp-json\/wp\/v2\/posts"}],"about":[{"href":"https:\/\/www.ambitomesagne.it\/ambito\/wp-json\/wp\/v2\/types\/post"}],"author":[{"embeddable":true,"href":"https:\/\/www.ambitomesagne.it\/ambito\/wp-json\/wp\/v2\/users\/1"}],"replies":[{"embeddable":true,"href":"https:\/\/www.ambitomesagne.it\/ambito\/wp-json\/wp\/v2\/comments?post=1893"}],"version-history":[{"count":2,"href":"https:\/\/www.ambitomesagne.it\/ambito\/wp-json\/wp\/v2\/posts\/1893\/revisions"}],"predecessor-version":[{"id":4212,"href":"https:\/\/www.ambitomesagne.it\/ambito\/wp-json\/wp\/v2\/posts\/1893\/revisions\/4212"}],"wp:attachment":[{"href":"https:\/\/www.ambitomesagne.it\/ambito\/wp-json\/wp\/v2\/media?parent=1893"}],"wp:term":[{"taxonomy":"category","embeddable":true,"href":"https:\/\/www.ambitomesagne.it\/ambito\/wp-json\/wp\/v2\/categories?post=1893"},{"taxonomy":"post_tag","embeddable":true,"href":"https:\/\/www.ambitomesagne.it\/ambito\/wp-json\/wp\/v2\/tags?post=1893"}],"curies":[{"name":"wp","href":"https:\/\/api.w.org\/{rel}","templated":true}]}}